{"id":10599,"date":"2026-03-15T21:34:29","date_gmt":"2026-03-15T20:34:29","guid":{"rendered":"https:\/\/nspj.wroclaw.pl\/new\/?p=10599"},"modified":"2026-03-19T21:29:32","modified_gmt":"2026-03-19T20:29:32","slug":"iv-niedziela-wielkiego-postu-15-03-2026-r","status":"publish","type":"post","link":"https:\/\/nspj.wroclaw.pl\/new\/iv-niedziela-wielkiego-postu-15-03-2026-r\/","title":{"rendered":"IV Niedziela Wielkiego Postu, 15.03 2026 r."},"content":{"rendered":"<p style=\"text-align: center;\"><span style=\"color: #000000;\"><strong>&nbsp;OG\u0141OSZENIA PARAFIALNE<br \/>\n<\/strong><strong>IV Niedziela Wielkiego Postu, 15.03 2026 r.<\/strong><\/span><\/p>\n<p><span style=\"color: #000000;\"><strong>&nbsp;<\/strong><\/span><\/p>\n<ol>\n<li><span style=\"color: #000000;\">Prze\u017cywamy <strong>IV N. W. Postu<\/strong>, kt\u00f3ra nosi nazw\u0119 <strong>LETARE<\/strong>, czyli \u201ecieszcie si\u0119\u201d, bo jeste\u015bmy poza p\u00f3\u0142metkiem W. Postu; dzisiaj te\u017c rozpoczynaj\u0105 si\u0119 w naszej Parafii<strong> Rekolekcji Wielkopostne<\/strong>, kt\u00f3re prowadzi O. Andrzej Pacholik, Salwatorianin: serdecznie Ojcze witamy i wspieramy modlitw\u0105 w pos\u0142udze S\u0142owa dla naszej Wsp\u00f3lnoty parafialnej<strong>.<\/strong><\/span><\/li>\n<li><span style=\"color: #000000;\"><strong>Rekolekcje <\/strong>odbywaj\u0105 si\u0119 <strong>wg programu<\/strong>, kt\u00f3ry znajduje si\u0119 na stronie internetowej Parafii i kt\u00f3ry O. Rekolekcjonista b\u0119dzie przypomina\u0142 na bie\u017c\u0105co; prosimy te\u017c o szczeg\u00f3ln\u0105 uwag\u0119 Dzieci i M\u0142odzie\u017c oraz mieszka\u0144c\u00f3w Pruszowic, na terminy spotka\u0144 rekolekcyjnych\u2026 <strong>Rekolekcje zako\u0144cz\u0105 si\u0119 S. Pokuty:<\/strong> w Pruszowicach we <strong>wtorek<\/strong> od g. 18.30, a na Paw\u0142owicach \u2013 <strong>w \u015brod\u0119:<\/strong> od 8.30 rano, od 16-tej dla dzieci, a nast\u0119pnie dla doros\u0142ych i m\u0142odzie\u017cy, do g. 19.30. Ofiary sk\u0142adane na tac\u0119 we wtorek i w \u015brod\u0119 b\u0119d\u0105 przeznaczone dla O. Rekolekcjonisty. Chorzy w domach b\u0119d\u0105 mieli odwiedziny przed\u015bwi\u0105teczne w W. \u015arod\u0119! Prosimy o zg\u0142aszanie Chorych w zakrystii; opr\u00f3cz I-pi\u0105tkowych\u2026<\/span><\/li>\n<li><span style=\"color: #000000;\"><strong>Ostatnia pr\u00f3ba <\/strong>przed Bierzmowaniem<strong> &#8211; <\/strong>19 marca o g. 19.00 w ko\u015bciele.<\/span><\/li>\n<li><span style=\"color: #000000;\"><strong>W kalendarzu liturgicznym: <\/strong>rekolekcyjne Msze<strong> na Paw\u0142owicach<\/strong> w poniedzia\u0142ek, wtorek i \u015brod\u0119 o g. 9.00 rano, wieczorne o g. 18.00; a <strong>w Pruszowicach:<\/strong> poniedzia\u0142ek i wtorek o g. 19.00.<\/span><\/li>\n<li><span style=\"color: #000000;\"><strong>W czwartek 19.03. \u2013 <\/strong>uroczysto\u015b\u0107 \u015aw. J\u00f3zefa, Oblubie\u0144ca NMP. <strong>W pi\u0105tek<\/strong> <strong>\u2013 DK <\/strong>o <strong> 9.00<\/strong> dla doros\u0142ych, nast\u0119pnie o <strong>17.15<\/strong> dla dzieci i <strong>18.30, <\/strong>zw\u0142aszcza dla m\u0142odzie\u017cy; o g. 15.00 Koronka do Bo\u017cego Mi\u0142osierdzia i adoracja NS do 17.00! W Pruszowicach <strong>DK <\/strong>o g. 18.30 i Msza \u015bw. po DK.<\/span><\/li>\n<li><span style=\"color: #000000;\"><strong>W sobot\u0119<\/strong> M\u0142odzie\u017c naszej Parafii przyjmie S. Bierzmowania z r\u0105k Ks. Bpa Jacka Kici\u0144skiego na Mszy \u015bw. o g. 15.00; poranna Msza \u015bw. jak zawsze o 9.00; wieczorna \u2013 z niedzieli \u2013 o g. 18.00. W katedrze o g. 11.00 Msza \u015bw. w int. Ks. Abp Metropolity J\u00f3zefa Kupnego oraz Dzie\u0144 Skupienia dla Szafarzy Nadzwyczajnych Komunii \u015aw.<\/span><\/li>\n<li><span style=\"color: #000000;\"><strong>Gorzkie \u017bale<\/strong> z kazaniem pasyjnym \u2013 g\u0142oszonym dzisiaj przez O. Rekolekcjonist\u0119 &#8211; o g. 17.00; w Pruszowicach \u2013 przed Msz\u0105 niedzieln\u0105. &nbsp;<\/span><\/li>\n<li><span style=\"color: #000000;\"><strong>Za tydzie\u0144<\/strong> we Wroc\u0142awiu odb\u0119dzie si\u0119 jubileuszowa, XX Niedziela Hospicyjna, w kt\u00f3rej uczestniczy tak\u017ce nasza Parafia. Z tej okazji po ka\u017cdej Mszy \u015bw. przed naszymi ko\u015bcio\u0142ami kwestowa\u0107 b\u0119d\u0105 na rzecz Chorych Wolontariusze. Ca\u0142o\u015b\u0107 zebranych \u015brodk\u00f3w trafi dla pacjent\u00f3w Hospicjum, poniewa\u017c wszystkie osoby organizuj\u0105ce t\u0119 zbi\u00f3rk\u0119, pracuj\u0105 spo\u0142ecznie! Dzi\u0119kujemy serdecznie za wsparcie\u2026<\/span><\/li>\n<li><span style=\"color: #000000;\"><strong>W nast\u0119pn\u0105 niedziel\u0119<\/strong> o 19-tej w Auli <strong>Spotkanie Popielgrzymkowe<\/strong> &#8211; Uczestnik\u00f3w Pielgrzymki do Meksyku oraz wszystkich ch\u0119tnych! &#8211;<\/span><\/li>\n<li><span style=\"color: #000000;\">Na koniec <strong>zapraszamy<\/strong> po Biuletyn parafialny i Go\u015bcia Niedz.<\/span><\/li>\n<\/ol>\n<p><span style=\"color: #000000;\"><strong>&nbsp;<\/strong><\/span><\/p>\n","protected":false},"excerpt":{"rendered":"<p>&nbsp;OG\u0141OSZENIA PARAFIALNE IV Niedziela Wielkiego Postu, 15.03 2026 r. &nbsp; Prze\u017cywamy IV N. W. Postu, kt\u00f3ra nosi nazw\u0119 LETARE, czyli \u201ecieszcie si\u0119\u201d, bo jeste\u015bmy poza p\u00f3\u0142metkiem W. Postu; dzisiaj te\u017c rozpoczynaj\u0105 si\u0119 w naszej Parafii Rekolekcji Wielkopostne, kt\u00f3re prowadzi O. Andrzej Pacholik, Salwatorianin: serdecznie Ojcze witamy i wspieramy modlitw\u0105 w pos\u0142udze S\u0142owa dla naszej Wsp\u00f3lnoty&hellip; <br \/> <a class=\"read-more\" href=\"https:\/\/nspj.wroclaw.pl\/new\/iv-niedziela-wielkiego-postu-15-03-2026-r\/\">Dowiedz si\u0119 wi\u0119cej<\/a><\/p>\n","protected":false},"author":1,"featured_media":8941,"comment_status":"closed","ping_status":"closed","sticky":false,"template":"","format":"standard","meta":{"ngg_post_thumbnail":0,"footnotes":""},"categories":[17],"tags":[],"class_list":["post-10599","post","type-post","status-publish","format-standard","has-post-thumbnail","hentry","category-ogloszenia"],"aioseo_notices":[],"_links":{"self":[{"href":"https:\/\/nspj.wroclaw.pl\/new\/wp-json\/wp\/v2\/posts\/10599","targetHints":{"allow":["GET"]}}],"collection":[{"href":"https:\/\/nspj.wroclaw.pl\/new\/wp-json\/wp\/v2\/posts"}],"about":[{"href":"https:\/\/nspj.wroclaw.pl\/new\/wp-json\/wp\/v2\/types\/post"}],"author":[{"embeddable":true,"href":"https:\/\/nspj.wroclaw.pl\/new\/wp-json\/wp\/v2\/users\/1"}],"replies":[{"embeddable":true,"href":"https:\/\/nspj.wroclaw.pl\/new\/wp-json\/wp\/v2\/comments?post=10599"}],"version-history":[{"count":2,"href":"https:\/\/nspj.wroclaw.pl\/new\/wp-json\/wp\/v2\/posts\/10599\/revisions"}],"predecessor-version":[{"id":10601,"href":"https:\/\/nspj.wroclaw.pl\/new\/wp-json\/wp\/v2\/posts\/10599\/revisions\/10601"}],"wp:featuredmedia":[{"embeddable":true,"href":"https:\/\/nspj.wroclaw.pl\/new\/wp-json\/wp\/v2\/media\/8941"}],"wp:attachment":[{"href":"https:\/\/nspj.wroclaw.pl\/new\/wp-json\/wp\/v2\/media?parent=10599"}],"wp:term":[{"taxonomy":"category","embeddable":true,"href":"https:\/\/nspj.wroclaw.pl\/new\/wp-json\/wp\/v2\/categories?post=10599"},{"taxonomy":"post_tag","embeddable":true,"href":"https:\/\/nspj.wroclaw.pl\/new\/wp-json\/wp\/v2\/tags?post=10599"}],"curies":[{"name":"wp","href":"https:\/\/api.w.org\/{rel}","templated":true}]}}