{"id":10511,"date":"2026-01-31T11:07:08","date_gmt":"2026-01-31T10:07:08","guid":{"rendered":"https:\/\/nspj.wroclaw.pl\/new\/?p=10511"},"modified":"2026-01-31T11:07:08","modified_gmt":"2026-01-31T10:07:08","slug":"4-niedziela-zwykla-1-luty-2026-r","status":"publish","type":"post","link":"https:\/\/nspj.wroclaw.pl\/new\/4-niedziela-zwykla-1-luty-2026-r\/","title":{"rendered":"4 Niedziela Zwyk\u0142a, 1 luty 2026 r."},"content":{"rendered":"<p style=\"text-align: center;\"><span style=\"color: #000000;\"><strong>&nbsp;OG\u0141OSZENIA PARAFIALNE<br \/>\n<\/strong><strong>4 Niedziela Zwyk\u0142a, 1 luty 2026 r.<\/strong><\/span><\/p>\n<p><span style=\"color: #000000;\"><strong>&nbsp;<\/strong><\/span><\/p>\n<ol>\n<li><span style=\"color: #000000;\">Prze\u017cywamy pierwsz\u0105 <strong>niedziel\u0119 miesi\u0105ca, <\/strong>czyli adoracyjn\u0105; Prymaria w int. od I R\u00f3\u017cy \u017bR: \u201eZa Parafian i Kap\u0142an\u00f3w, aby S\u0142owo Bo\u017ce sta\u0142o si\u0119 fundamentem \u017cycia, prowadz\u0105c do przemiany serca i jedno\u015bci z Chrystusem\u201d &#8211; ofiary s\u0105 przeznaczone \u2013 jak zawsze z I-ej niedzieli &#8211; na inwestycje przy naszych ko\u015bcio\u0142ach; po Mszy \u015bw. zmiana tajemnic \u017bR\u2026<\/span><\/li>\n<li><span style=\"color: #000000;\"><strong>Jutro 0.2.02. Ofiarowanie Pa\u0144skie<\/strong>, uroczysto\u015b\u0107 zwana tak\u017ce: MB Gromnicznej; Msze \u015awi\u0119te na miejscu o godz. 9.00 i 18.00 oraz o g. 19.00 w Pruszowicach. Jest to \u015awi\u0119to \u017bycia Konsekrowanego, dlatego te\u017c ofiary sk\u0142adane na tac\u0119 b\u0119d\u0105 przeznaczone na klasztory klauzurowe, takie jak np. na Paw\u0142owicach oraz O\u015brodek Adopcyjno-Opieku\u0144czy naszej Archidiecezji.<\/span><\/li>\n<li><span style=\"color: #000000;\">Rozpoczynaj\u0105 si\u0119 ferie zimowe dla dzieci; <strong>od wtorku, <\/strong>Msze \u015bw. b\u0119d\u0105 odprawiane w ko\u015bciele parafialnym tylko o g. 18.00. <strong>Nast\u0119pne spotkanie dla dzieci w ramach Grupy Kompas \u2013 b\u0119dzie mia\u0142o miejsce dopiero po feriach<\/strong> zimowych, czyli 20 lutego. <strong>4. <\/strong>W \u015arod\u0119 Nowenna do MB NP o g. 18.00, a po niej <strong>o g. 19.00<\/strong> \u2013 drugie w tym roku <strong>Spotkanie Biblijne z Ks. dr R. Kempiakiem<\/strong>: serdecznie zapraszamy do udzia\u0142u! <strong>W I Czwartek<\/strong> po Mszy \u015aw. adoracja eucharystyczna \u2013 z okazj\u0105 do S. Pokuty a po niej <strong>Spotkanie BETANIA w auli Domu Parafialnego; <\/strong>serdecznie zapraszamy zw\u0142aszcza Cz\u0142onk\u00f3w Grupy Synodalnej i RP! <strong>W<\/strong> <strong>I Pi\u0105tek \u2013 <\/strong>odwiedziny Chorych od g. 8.30; o g. 15.00 Koronka do Bo\u017cego Mi\u0142osierdzia i adoracja NS w kaplicy BM do Mszy \u015bw. o g.18.00. z okazj\u0105 do Spowiedzi I-pi\u0105tkowej od g. 17.00.; a w Pruszowicach \u2013 adoracja i Spowied\u017a \u015bw. od g. 16.30, Msza \u015aw. I-pi\u0105tkowa o 17.00. Dzi\u0119kujemy serdecznie wszystkim, zw\u0142aszcza <strong>Cz\u0142onkom R\u00f3\u017c \u017bR, <\/strong>za udzia\u0142 w adoracji pi\u0105tkowej podczas trwania kol\u0119dy. W <strong>I Sobot\u0119<\/strong> R\u00f3\u017caniec od g.8.15.<\/span><\/li>\n<li><span style=\"color: #000000;\"><strong> W uzupe\u0142nieniu<\/strong> do sprawozdania kol\u0119dowego informujemy, \u017ce w r. 2025 na cele inwestycyjne <strong>wp\u0142yn\u0119\u0142o 111&nbsp;592 z\u0142<\/strong>, a <strong>wydane zosta\u0142o 66&nbsp;064 z\u0142<\/strong>; czyli na rok bie\u017c\u0105cy <strong>pozosta\u0142o 45&nbsp;528 z\u0142<\/strong>; nie wliczaj\u0105c Pruszowic oraz sk\u0142adek na sprz\u0105tanie i dekoracje w ko\u015bcio\u0142ach\u2026<\/span><\/li>\n<li><span style=\"color: #000000;\">W nast\u0119pn\u0105 niedziel\u0119 <strong>8 lutego, go\u015bci\u0107 b\u0119dziemy<\/strong> ks. dr Marka Zo\u0142ote\u0144ki, kt\u00f3ry jest proboszczem i budowniczym ko\u015bcio\u0142a w Wa\u0142brzychu; b\u0119dzie on g\u0142osi\u0142 S\u0142owo Bo\u017ce, a po ka\u017cdej Mszy \u015bw. przeprowadzi przed ko\u015bcio\u0142em zbi\u00f3rk\u0119 ofiar na ten cel. Ju\u017c dzisiaj serdeczne \u201eB\u00f3g zap\u0142a\u0107\u201d za zrozumienie\u2026<\/span><\/li>\n<li><span style=\"color: #000000;\"><strong> Dzi\u0119kujemy serdecznie<\/strong> wszystkim, kt\u00f3rzy pomogli przy rozbieraniu dekoracji \u015bwi\u0105tecznej w naszym ko\u015bciele parafialnym; na Pruszowicach nast\u0105pi to po uroczysto\u015bci MB Gromnicznej\u2026<\/span><\/li>\n<li><span style=\"color: #000000;\"><strong> Zapraszamy<\/strong> do si\u0119gni\u0119cia po Biuletyn parafialny oraz po kolejny nr. Nowego \u017bycia i Go\u015bcia Niedzielnego\u2026<\/span><\/li>\n<\/ol>\n","protected":false},"excerpt":{"rendered":"<p>&nbsp;OG\u0141OSZENIA PARAFIALNE 4 Niedziela Zwyk\u0142a, 1 luty 2026 r. &nbsp; Prze\u017cywamy pierwsz\u0105 niedziel\u0119 miesi\u0105ca, czyli adoracyjn\u0105; Prymaria w int. od I R\u00f3\u017cy \u017bR: \u201eZa Parafian i Kap\u0142an\u00f3w, aby S\u0142owo Bo\u017ce sta\u0142o si\u0119 fundamentem \u017cycia, prowadz\u0105c do przemiany serca i jedno\u015bci z Chrystusem\u201d &#8211; ofiary s\u0105 przeznaczone \u2013 jak zawsze z I-ej niedzieli &#8211; na inwestycje&hellip; <br \/> <a class=\"read-more\" href=\"https:\/\/nspj.wroclaw.pl\/new\/4-niedziela-zwykla-1-luty-2026-r\/\">Dowiedz si\u0119 wi\u0119cej<\/a><\/p>\n","protected":false},"author":1,"featured_media":8949,"comment_status":"closed","ping_status":"closed","sticky":false,"template":"","format":"standard","meta":{"ngg_post_thumbnail":0,"footnotes":""},"categories":[17],"tags":[],"class_list":["post-10511","post","type-post","status-publish","format-standard","has-post-thumbnail","hentry","category-ogloszenia"],"aioseo_notices":[],"_links":{"self":[{"href":"https:\/\/nspj.wroclaw.pl\/new\/wp-json\/wp\/v2\/posts\/10511","targetHints":{"allow":["GET"]}}],"collection":[{"href":"https:\/\/nspj.wroclaw.pl\/new\/wp-json\/wp\/v2\/posts"}],"about":[{"href":"https:\/\/nspj.wroclaw.pl\/new\/wp-json\/wp\/v2\/types\/post"}],"author":[{"embeddable":true,"href":"https:\/\/nspj.wroclaw.pl\/new\/wp-json\/wp\/v2\/users\/1"}],"replies":[{"embeddable":true,"href":"https:\/\/nspj.wroclaw.pl\/new\/wp-json\/wp\/v2\/comments?post=10511"}],"version-history":[{"count":1,"href":"https:\/\/nspj.wroclaw.pl\/new\/wp-json\/wp\/v2\/posts\/10511\/revisions"}],"predecessor-version":[{"id":10512,"href":"https:\/\/nspj.wroclaw.pl\/new\/wp-json\/wp\/v2\/posts\/10511\/revisions\/10512"}],"wp:featuredmedia":[{"embeddable":true,"href":"https:\/\/nspj.wroclaw.pl\/new\/wp-json\/wp\/v2\/media\/8949"}],"wp:attachment":[{"href":"https:\/\/nspj.wroclaw.pl\/new\/wp-json\/wp\/v2\/media?parent=10511"}],"wp:term":[{"taxonomy":"category","embeddable":true,"href":"https:\/\/nspj.wroclaw.pl\/new\/wp-json\/wp\/v2\/categories?post=10511"},{"taxonomy":"post_tag","embeddable":true,"href":"https:\/\/nspj.wroclaw.pl\/new\/wp-json\/wp\/v2\/tags?post=10511"}],"curies":[{"name":"wp","href":"https:\/\/api.w.org\/{rel}","templated":true}]}}