{"id":10453,"date":"2026-01-24T21:00:22","date_gmt":"2026-01-24T20:00:22","guid":{"rendered":"https:\/\/nspj.wroclaw.pl\/new\/?p=10453"},"modified":"2026-01-24T21:58:05","modified_gmt":"2026-01-24T20:58:05","slug":"3-niedziela-zwykla-25-stycznia-2026-r","status":"publish","type":"post","link":"https:\/\/nspj.wroclaw.pl\/new\/3-niedziela-zwykla-25-stycznia-2026-r\/","title":{"rendered":"3 Niedziela zwyk\u0142a, 25 stycznia 2026 r."},"content":{"rendered":"<p style=\"text-align: center;\"><span style=\"color: #000000;\"><strong>OG\u0141OSZENIA PARAFIALNE<\/strong><\/span><\/p>\n<p style=\"text-align: center;\"><span style=\"color: #000000;\"><strong>3 Niedziela zwyk\u0142a, 25 stycznia 2026 r.<\/strong><\/span><\/p>\n<p><span style=\"color: #000000;\"><strong>&nbsp;<\/strong><\/span><\/p>\n<ol>\n<li><span style=\"color: #000000;\">Dzi\u015b w liturgii przypada 3. Niedziela zwyk\u0142a.<\/span><\/li>\n<\/ol>\n<p><span style=\"color: #000000;\">Po wieczornej Mszy \u015aw. zapraszamy na <strong>koncert kol\u0119d<\/strong> w wykonaniu naszego Ch\u00f3ru Parafialnego \u201eLaudate Dominum\u201d.<\/span><\/p>\n<p><span style=\"color: #000000;\">O godz. 19.00 zapraszamy na kolejne <strong>spotkanie M\u0142odzie\u017cy<\/strong>, kt\u00f3re odb\u0119dzie si\u0119 w auli. W ramach gry zespo\u0142owej wybudujemy wie\u017c\u0119, a potem przy herbacie i cie\u015bcie porozmawiamy o wyzwaniach w budowaniu relacji z innymi.<\/span><\/p>\n<ol start=\"2\">\n<li><span style=\"color: #000000;\">W tym tygodniu &#8211; od poniedzia\u0142ku do soboty &#8211; Msze \u015awi\u0119te o godz. 9.00 i 18.00. W \u015brod\u0119 Msz\u0119 \u015aw. poprzedzi Nowenna do MB NP o godz. 18.00, <\/span><br \/>\n<span style=\"color: #000000;\">a w pi\u0105tek Koronka do BM o godz. 15.00 oraz adoracja Naj\u015bwi\u0119tszego Sakramentu.<\/span><\/li>\n<li><span style=\"color: #000000;\">W kalendarzu liturgicznym: w poniedzia\u0142ek wspomnienie \u015bw. Tymoteusza i Tytusa, w \u015brod\u0119 &#8211; \u015bw. Tomasza z Akwinu, a w sobot\u0119 &#8211; \u015bw. Jana Bosko.<\/span><\/li>\n<li><span style=\"color: #000000;\">Prosimy o pomoc w <strong>rozebraniu dekoracji Bo\u017conarodzeniowej <\/strong>w poniedzia\u0142ek &#8211; 26 stycznia (jutro) po wieczornej Mszy \u015aw. Budowniczowie szopki wykonaj\u0105 swoj\u0105 prac\u0119 we wtorek.<\/span><\/li>\n<li><span style=\"color: #000000;\">W pi\u0105tek: pr\u00f3ba <strong>scholi dzieci\u0119cej<\/strong> o godz. 17.30 w auli, a spotkanie dla dzieci <strong>KOMPAS<\/strong> o godz. 18.15 w Bibliotece.<\/span><\/li>\n<li><span style=\"color: #000000;\">W minion\u0105 niedziel\u0119 odby\u0142y si\u0119 pi\u0119kne jase\u0142ka w wykonaniu dzieci i m\u0142odzie\u017cy naszej Parafii. Dzi\u0119kujemy za obecno\u015b\u0107 i wsparcie tego wydarzenia ze strony Rodzic\u00f3w i doros\u0142ych Parafian.<\/span><\/li>\n<li><span style=\"color: #000000;\">W sobot\u0119 w godzinach rannych wyruszy 25-osobowa parafialna Pielgrzymka do Meksyku. B\u0119dziemy wspiera\u0107 duchowo i \u0142\u0105czy\u0107 si\u0119 z Pielgrzymami, licz\u0105c r\u00f3wnie\u017c na ich pami\u0119\u0107 i modlitw\u0119.<\/span><\/li>\n<li><span style=\"color: #000000;\">W najbli\u017cszy pierwszy czwartek miesi\u0105ca, 5 lutego 2026 roku kolejne spotkanie w Betanii.<\/span><\/li>\n<\/ol>\n<p><span style=\"color: #000000;\">18.00 Msza \u015awi\u0119ta,<\/span><br \/>\n<span style=\"color: #000000;\">18.30 Adoracja<\/span><br \/>\n<span style=\"color: #000000;\">19.30 warsztaty biblijne.<\/span><\/p>\n<p><span style=\"color: #000000;\">Dalej rozwa\u017camy drog\u0119 powo\u0142ania \u015bw. Piotra, jego charakter i budowanie relacji ze swoim Mistrzem.<\/span><\/p>\n<p><span style=\"color: #000000;\">ZAPRASZAMY SERDECZNIE WSZYSTKICH CH\u0118TNYCH<\/span><br \/>\n<span style=\"color: #000000;\"><strong>&nbsp;<\/strong><\/span><\/p>\n<p style=\"text-align: center;\"><span style=\"color: #000000;\"><strong>AMDG<\/strong><\/span><\/p>\n","protected":false},"excerpt":{"rendered":"<p>OG\u0141OSZENIA PARAFIALNE 3 Niedziela zwyk\u0142a, 25 stycznia 2026 r. &nbsp; Dzi\u015b w liturgii przypada 3. Niedziela zwyk\u0142a. Po wieczornej Mszy \u015aw. zapraszamy na koncert kol\u0119d w wykonaniu naszego Ch\u00f3ru Parafialnego \u201eLaudate Dominum\u201d. O godz. 19.00 zapraszamy na kolejne spotkanie M\u0142odzie\u017cy, kt\u00f3re odb\u0119dzie si\u0119 w auli. W ramach gry zespo\u0142owej wybudujemy wie\u017c\u0119, a potem przy herbacie&hellip; <br \/> <a class=\"read-more\" href=\"https:\/\/nspj.wroclaw.pl\/new\/3-niedziela-zwykla-25-stycznia-2026-r\/\">Dowiedz si\u0119 wi\u0119cej<\/a><\/p>\n","protected":false},"author":1,"featured_media":8949,"comment_status":"closed","ping_status":"closed","sticky":false,"template":"","format":"standard","meta":{"ngg_post_thumbnail":0,"footnotes":""},"categories":[17],"tags":[],"class_list":["post-10453","post","type-post","status-publish","format-standard","has-post-thumbnail","hentry","category-ogloszenia"],"aioseo_notices":[],"_links":{"self":[{"href":"https:\/\/nspj.wroclaw.pl\/new\/wp-json\/wp\/v2\/posts\/10453","targetHints":{"allow":["GET"]}}],"collection":[{"href":"https:\/\/nspj.wroclaw.pl\/new\/wp-json\/wp\/v2\/posts"}],"about":[{"href":"https:\/\/nspj.wroclaw.pl\/new\/wp-json\/wp\/v2\/types\/post"}],"author":[{"embeddable":true,"href":"https:\/\/nspj.wroclaw.pl\/new\/wp-json\/wp\/v2\/users\/1"}],"replies":[{"embeddable":true,"href":"https:\/\/nspj.wroclaw.pl\/new\/wp-json\/wp\/v2\/comments?post=10453"}],"version-history":[{"count":3,"href":"https:\/\/nspj.wroclaw.pl\/new\/wp-json\/wp\/v2\/posts\/10453\/revisions"}],"predecessor-version":[{"id":10482,"href":"https:\/\/nspj.wroclaw.pl\/new\/wp-json\/wp\/v2\/posts\/10453\/revisions\/10482"}],"wp:featuredmedia":[{"embeddable":true,"href":"https:\/\/nspj.wroclaw.pl\/new\/wp-json\/wp\/v2\/media\/8949"}],"wp:attachment":[{"href":"https:\/\/nspj.wroclaw.pl\/new\/wp-json\/wp\/v2\/media?parent=10453"}],"wp:term":[{"taxonomy":"category","embeddable":true,"href":"https:\/\/nspj.wroclaw.pl\/new\/wp-json\/wp\/v2\/categories?post=10453"},{"taxonomy":"post_tag","embeddable":true,"href":"https:\/\/nspj.wroclaw.pl\/new\/wp-json\/wp\/v2\/tags?post=10453"}],"curies":[{"name":"wp","href":"https:\/\/api.w.org\/{rel}","templated":true}]}}