{"id":10326,"date":"2025-12-13T19:44:33","date_gmt":"2025-12-13T18:44:33","guid":{"rendered":"https:\/\/nspj.wroclaw.pl\/new\/?p=10326"},"modified":"2025-12-13T19:44:50","modified_gmt":"2025-12-13T18:44:50","slug":"3-niedziela-adwentu-14-grudzien-2025-r","status":"publish","type":"post","link":"https:\/\/nspj.wroclaw.pl\/new\/3-niedziela-adwentu-14-grudzien-2025-r\/","title":{"rendered":"3 Niedziela Adwentu &#8211; 14 grudzie\u0144 2025 r."},"content":{"rendered":"<p style=\"text-align: center;\"><span style=\"color: #000000;\"><strong>&nbsp;<\/strong><\/span><\/p>\n<p style=\"text-align: center;\"><span style=\"color: #000000;\"><strong>OG\u0141OSZENIA PARAFIALNE<br \/>\n<\/strong><strong>3 Niedziela Adwentu &#8211; 14 grudzie\u0144 2025 r. <\/strong><\/span><\/p>\n<ol>\n<li><span style=\"color: #000000;\">Prze\u017cywamy ju\u017c <strong> Niedziel\u0119 Adwentu<\/strong>, kt\u00f3ra nosi \u0142aci\u0144sk\u0105 nazw\u0119: GAUDETAE, od pierwszych s\u0142\u00f3w antyfony na wej\u015bcie: <strong>\u201eRadujcie si\u0119 zawsze w Panu (\u2026)\u201d<\/strong>. S\u0142owa te zosta\u0142y zaczerpni\u0119te z Listu \u015bw. Paw\u0142a Aposto\u0142a do Filipian i wyra\u017caj\u0105 rado\u015b\u0107 z blisko\u015bci Pana. W tym tygodniu, od \u015brody, rozpoczniemy drug\u0105 cz\u0119\u015b\u0107 Adwentu, czyli okres bezpo\u015bredniego przygotowania do uroczysto\u015bci Narodzenia Pa\u0144skiego. Znakiem zewn\u0119trznym tego jest r\u00f3\u017cowa \u015bwieca w wie\u0144cu adwentowym i kolor szat liturgicznych!<\/span><\/li>\n<li><span style=\"color: #000000;\">Jest to tak\u017ce <strong>niedziela duchowej i materialnej solidarno\u015bci z Ko\u015bcio\u0142em na Wschodzie<\/strong>; po ka\u017cdej Mszy \u015bw. odbywa\u0107 si\u0119 b\u0119dzie zbi\u00f3rka ofiar do puszek na pomoc Ko\u015bcio\u0142owi na Wschodzie!<\/span><\/li>\n<li><span style=\"color: #000000;\">Po wieczornej Mszy \u015bw. \u2013 w ko\u015bciele &#8211; <strong>spotkanie dla Kandydat\u00f3w<\/strong> do S. Bierzmowania oraz ich Rodzic\u00f3w\u2026<\/span><\/li>\n<li><span style=\"color: #000000;\"><strong>Ofiary<\/strong> sk\u0142adane na tac\u0119 z I niedzieli miesi\u0105ca wynios\u0142y: na Paw\u0142owicach = 4&nbsp;068,88 z\u0142 oraz 20 Eu; a w Pruszowicach = 600 z\u0142; <strong>\u201eB\u00f3g zap\u0142a\u0107\u201d<\/strong>.<\/span><\/li>\n<li><span style=\"color: #000000;\"><strong>Po\u015bwi\u0119cone OP\u0141ATKI <\/strong>na st\u00f3\u0142 wigilijny wraz z do\u0142\u0105czonymi \u017cyczeniami \u015bwi\u0105tecznymi, a tak\u017ce <strong>\u015bwiece CARITAS<\/strong> s\u0105 do nabycia u Pa\u0144 z PZC i Cz\u0142onk\u00f3w R\u00f3\u017c \u017bR. Ofiary s\u0105 przeznaczone na prace wyko\u0144czeniowe przy ko\u015bciele filialnym; na ogrzewanie, a tak\u017ce planowane w przysz\u0142ym roku odmalowanie ko\u015bcio\u0142a przed I Komuni\u0105 \u015bw.; sk\u0142adamy serdeczne \u201eB\u00f3g zap\u0142a\u0107\u201d\u2026<\/span><\/li>\n<li><span style=\"color: #000000;\"><strong>RORATY<\/strong>, czyli wotywne Msze \u015bw. ku czci NMP, s\u0105 odprawiane <strong>o g. 6.30 rano<\/strong> \u2013 <strong>za wyj\u0105tkiem niedziel; <\/strong>serdecznie zapraszamy z lampionami; po Mszy \u015bw. Rodzice zapraszaj\u0105 dzieci na pocz\u0119stunek w Domu \u015aw. JP II.<\/span><\/li>\n<li><span style=\"color: #000000;\">W <strong>kalendarzu liturgicznym<\/strong>: w okresie Adwentu Msze \u015bw. wieczorne s\u0105 odprawiane w kaplicy BM! W<strong> pi\u0105tek: <\/strong>o 15.00 \u2013 Koronka do BM oraz <strong>adoracja NS<\/strong> do Mszy \u015bw. wieczornej; w <strong>sobot\u0119 \u2013 <\/strong>wieczorna Msza \u015bw. z niedzieli oraz pocz\u0105tek Adwentowego Dnia Skupienia.<\/span><\/li>\n<li><span style=\"color: #000000;\">W pi\u0105tek o g. 18.00 w auli Domu parafialnego spotkania dla dzieci: <strong>KOMPAS<\/strong><\/span><\/li>\n<li><span style=\"color: #000000;\">W tym tygodniu, <strong>w \u015brod\u0119, w pi\u0105tek i w sobot\u0119<\/strong> przypadaj\u0105 tak\u017ce <strong>Kwartalne Dni Modlitw <\/strong>o \u017cycie chrze\u015bcija\u0144skie w rodzinie\u2026<\/span><\/li>\n<li><span style=\"color: #000000;\">Po Mszy \u015bw. \u2013 przy stoliku pod ch\u00f3rem \u2013 <strong>LSO rozprowadza sianko na st\u00f3\u0142 wigilijny <\/strong>za dobrowoln\u0105 ofiar\u0119 przeznaczon\u0105 na potrzeby ministrant\u00f3w.<\/span><\/li>\n<li><span style=\"color: #000000;\"><strong>Za tydzie\u0144<\/strong> IV Niedziela Adwentu; w naszej Parafii Adwentowy Dzie\u0144 Skupienia, kt\u00f3ry poprowadzi O. Andrzej PACHOLIK, salwatorianin. B\u0119dzie to okazja do S. Pokuty, zw\u0142aszcza podczas popo\u0142udniowego nabo\u017ce\u0144stwa pokutnego oraz w poniedzia\u0142ek 22 grudnia \u2013 spowied\u017a \u015bw. od g. 16.00!<\/span><\/li>\n<li><span style=\"color: #000000;\">W gablocie, w biuletynie parafialnym i na stronie internetowej dost\u0119pny jest ju\u017c <strong>plan wizyty duszpasterskiej<\/strong> \u2013 kol\u0119dy \u2013 kt\u00f3ra rozpocznie si\u0119 29 grudnia, czyli za dwa tygodnie. &nbsp;<\/span><\/li>\n<li><span style=\"color: #000000;\"><strong>Do pomocy<\/strong> przy ustawianiu choinek i dekoracji \u015bwi\u0105tecznych<strong> zapraszamy <\/strong>w poniedzia\u0142ek\/wtorek po IV niedzieli Adwentu\u2026<\/span><\/li>\n<li><span style=\"color: #000000;\"><strong>Polecamy<\/strong> biuletyn parafialny i Go\u015bcia Niedzielnego\u2026<\/span><\/li>\n<\/ol>\n<p>&nbsp;<\/p>\n<p><span style=\"color: #000000;\"><strong>AMDG<\/strong><\/span><\/p>\n","protected":false},"excerpt":{"rendered":"<p>&nbsp; OG\u0141OSZENIA PARAFIALNE 3 Niedziela Adwentu &#8211; 14 grudzie\u0144 2025 r. Prze\u017cywamy ju\u017c Niedziel\u0119 Adwentu, kt\u00f3ra nosi \u0142aci\u0144sk\u0105 nazw\u0119: GAUDETAE, od pierwszych s\u0142\u00f3w antyfony na wej\u015bcie: \u201eRadujcie si\u0119 zawsze w Panu (\u2026)\u201d. S\u0142owa te zosta\u0142y zaczerpni\u0119te z Listu \u015bw. Paw\u0142a Aposto\u0142a do Filipian i wyra\u017caj\u0105 rado\u015b\u0107 z blisko\u015bci Pana. W tym tygodniu, od \u015brody, rozpoczniemy&hellip; <br \/> <a class=\"read-more\" href=\"https:\/\/nspj.wroclaw.pl\/new\/3-niedziela-adwentu-14-grudzien-2025-r\/\">Dowiedz si\u0119 wi\u0119cej<\/a><\/p>\n","protected":false},"author":1,"featured_media":8941,"comment_status":"closed","ping_status":"closed","sticky":false,"template":"","format":"standard","meta":{"ngg_post_thumbnail":0,"footnotes":""},"categories":[17],"tags":[],"class_list":["post-10326","post","type-post","status-publish","format-standard","has-post-thumbnail","hentry","category-ogloszenia"],"aioseo_notices":[],"_links":{"self":[{"href":"https:\/\/nspj.wroclaw.pl\/new\/wp-json\/wp\/v2\/posts\/10326","targetHints":{"allow":["GET"]}}],"collection":[{"href":"https:\/\/nspj.wroclaw.pl\/new\/wp-json\/wp\/v2\/posts"}],"about":[{"href":"https:\/\/nspj.wroclaw.pl\/new\/wp-json\/wp\/v2\/types\/post"}],"author":[{"embeddable":true,"href":"https:\/\/nspj.wroclaw.pl\/new\/wp-json\/wp\/v2\/users\/1"}],"replies":[{"embeddable":true,"href":"https:\/\/nspj.wroclaw.pl\/new\/wp-json\/wp\/v2\/comments?post=10326"}],"version-history":[{"count":2,"href":"https:\/\/nspj.wroclaw.pl\/new\/wp-json\/wp\/v2\/posts\/10326\/revisions"}],"predecessor-version":[{"id":10328,"href":"https:\/\/nspj.wroclaw.pl\/new\/wp-json\/wp\/v2\/posts\/10326\/revisions\/10328"}],"wp:featuredmedia":[{"embeddable":true,"href":"https:\/\/nspj.wroclaw.pl\/new\/wp-json\/wp\/v2\/media\/8941"}],"wp:attachment":[{"href":"https:\/\/nspj.wroclaw.pl\/new\/wp-json\/wp\/v2\/media?parent=10326"}],"wp:term":[{"taxonomy":"category","embeddable":true,"href":"https:\/\/nspj.wroclaw.pl\/new\/wp-json\/wp\/v2\/categories?post=10326"},{"taxonomy":"post_tag","embeddable":true,"href":"https:\/\/nspj.wroclaw.pl\/new\/wp-json\/wp\/v2\/tags?post=10326"}],"curies":[{"name":"wp","href":"https:\/\/api.w.org\/{rel}","templated":true}]}}