{"id":10319,"date":"2025-12-06T20:39:21","date_gmt":"2025-12-06T19:39:21","guid":{"rendered":"https:\/\/nspj.wroclaw.pl\/new\/?p=10319"},"modified":"2025-12-06T20:39:21","modified_gmt":"2025-12-06T19:39:21","slug":"2-niedziela-adwentu-07-grudzien-2025-r","status":"publish","type":"post","link":"https:\/\/nspj.wroclaw.pl\/new\/2-niedziela-adwentu-07-grudzien-2025-r\/","title":{"rendered":"2 Niedziela Adwentu &#8211; 07 grudzie\u0144 2025 r."},"content":{"rendered":"<p style=\"text-align: center;\"><span style=\"color: #000000;\"><strong>&nbsp;<\/strong><\/span><span style=\"color: #000000;\"><strong>OG\u0141OSZENIA PARAFIALNE<br \/>\n<\/strong><strong>2 Niedziela Adwentu &#8211; 07 grudzie\u0144 2025 r. <\/strong><\/span><\/p>\n<p style=\"text-align: left;\">&nbsp;<\/p>\n<p style=\"text-align: left;\"><span style=\"color: #000000;\">&nbsp;1. Prze\u017cywamy ju\u017c <strong>2 Niedziel\u0119 Adwentu<\/strong>, jako 1. Niedziel\u0119 miesi\u0105ca, czyli adoracyjna: Prymaria w int. 3. R\u00f3\u017cy MB NP: Dzi\u0119kczynna za ko\u0144cz\u0105cy si\u0119 Rok&nbsp; &nbsp;Jubileuszowy w naszej wsp\u00f3lnocie parafialnej oraz wszystkie jego owoce; zmiana tajemnic \u017bR; ofiary s\u0105 przeznaczone na cele inwestycyjne. W ostatnim tygodniu&nbsp; &nbsp;zamontowany zosta\u0142 dodatkowy g\u0142o\u015bnik w Kaplicy MB oraz wymieniony zestaw wzmacniacza do mikrofonu bezprzewodowego. &nbsp;&nbsp;&nbsp;<\/span><\/p>\n<ol style=\"text-align: left;\" start=\"2\">\n<li><span style=\"color: #000000;\"><strong>Po\u015bwi\u0119cone OP\u0141ATKI <\/strong>s\u0105 znakiem budowania poczucia komunii i wsp\u00f3lnoty naszej Parafii, zar\u00f3wno na Paw\u0142owicach, jak i w Pruszowicach; zosta\u0142y do nich do\u0142\u0105czone tak\u017ce \u017cyczenia \u015bwi\u0105teczne. Dlatego prosimy o ich traktowanie, jako znaku wi\u0119zi parafialnej i poczucia odpowiedzialno\u015bci za potrzeby materialne naszej Parafii. Ofiary sk\u0142adane przy tej okazji s\u0105 przeznaczone na prace wyko\u0144czeniowe przy ko\u015bciele filialnym; tak\u017ce na ogrzewanie oraz planowane w przysz\u0142ym roku odmalowanie ko\u015bcio\u0142a na Paw\u0142owicach przed I Komuni\u0105 \u015bw. Z g\u00f3ry serdeczne \u201eB\u00f3g zap\u0142a\u0107\u201d\u2026<\/span><\/li>\n<li><span style=\"color: #000000;\">Dzi\u0119kujemy wszystkim, kt\u00f3rzy zakupili <strong>\u015bwiece CARITAS<\/strong>, rozprowadzane przez PZC, jako Adwentowe Dzie\u0142o Pomocy Dzieciom i Radzie Osiedla za pami\u0119\u0107 o naszych Chorych i przekazane dla nich upominki \u015bwi\u0105teczne wraz z \u017cyczeniami\u2026<\/span><\/li>\n<li><span style=\"color: #000000;\"><strong>RORATY<\/strong>, czyli wotywne Msze \u015bw. ku czci NMP, s\u0105 odprawiane <strong>o g. 6.30 rano<\/strong> \u2013 <strong>za wyj\u0105tkiem niedziel i <\/strong>\u015bwi\u0119ta Niepolanej NMP, jakie przypada <strong>12, <\/strong>czyli ju\u017c w poniedzia\u0142ek; serdecznie zapraszamy <strong>z lampionami<\/strong>, tak\u017ce dzieci i m\u0142odzie\u017c; po Mszy \u015bw. Rodzice Dzieci I-komunijnych zapraszaj\u0105 na tradycyjny pocz\u0119stunek dla dzieci w Domu \u015aw. JP II. Dzi\u0119kujemy Rodzicom Dzieci I-komunijnych za ich zaanga\u017cowanie i po\u015bwiecenie\u2026<\/span><\/li>\n<li><span style=\"color: #000000;\">W <strong>kalendarzu liturgicznym<\/strong>: w okresie Adwentu s\u0105 tak\u017ce odprawiane Msze o g. 18.00 w kaplicy BM! <strong>XII. <\/strong>w poniedzia\u0142ek<strong> \u2013 uroczysto\u015b\u0107 Niepokalanego Pocz\u0119cia NMPW: dodatkowe Msze \u015bw. <\/strong>o g. 9.00 i 16.30; w Pruszowicach o g. 18.00! W<strong> pi\u0105tek: <\/strong>o g. 15.00 \u2013 Koronka do BM oraz <strong>adoracja NS<\/strong> do Mszy \u015bw. wieczornej; w <strong>sobot\u0119 \u2013 <\/strong>wspomnienie \u015aw. \u0141ucji.<\/span><\/li>\n<li><span style=\"color: #000000;\">We wtorek 9.<strong>XII. w Pruszowicach o g. 19.00 <\/strong>&#8211; kolejne i zarazem ostatnie w tym roku Spotkanie Biblijne; serdecznie zapraszamy osoby zainteresowane\u2026<\/span><\/li>\n<li><span style=\"color: #000000;\">W pi\u0105tek o g. 18.00 w auli Domu parafialnego spotkania dla dzieci: <strong>KOMPAS<\/strong><\/span><\/li>\n<li><span style=\"color: #000000;\"><strong>Za tydzie\u0144<\/strong> III Niedziela Adwentu: GAUDETAE \u2013 \u201eradujcie si\u0119\u201d\u2026 B\u0119dzie to niedziela duchowej i materialnej solidarno\u015bci z Ko\u015bcio\u0142em na Wschodzie; po ka\u017cdej Mszy \u015bw. odb\u0119dzie si\u0119 zbi\u00f3rka ofiar do puszek na pomoc temu Koscio\u0142owi! Po Mszy \u015bw. o g. 18.00 &#8211; w przysz\u0142\u0105 niedziel\u0119 <strong>14 grudnia<\/strong> \u2013 spotkanie dla Kandydat\u00f3w do S. Bierzmowania oraz ich Rodzic\u00f3w\u2026<\/span><\/li>\n<li><span style=\"color: #000000;\">Marianowi Falbierskiemu <strong>dzi\u0119kujemy<\/strong> za wymian\u0119 baterii w kuchni Domu parafialnego oraz serwisowanie tych urz\u0105dze\u0144.<\/span><\/li>\n<li><span style=\"color: #000000;\"><strong>Ju\u017c dzisiaj zapraszamy<\/strong> do udzia\u0142u w adwentowym Dniu Skupienia, kt\u00f3ry b\u0119dzie mia\u0142 miejsce w 4. Niedziel\u0119 Adwentu, a prowadzi\u0142 go b\u0119dzie O. Andrzej PACHOLIK, salwatorianin\u2026<\/span><\/li>\n<li><span style=\"color: #000000;\"><strong>Polecamy<\/strong> biuletyn parafialny i Go\u015bcia Niedzielnego\u2026<\/span><\/li>\n<\/ol>\n<p style=\"text-align: left;\">&nbsp;<\/p>\n<p style=\"text-align: left;\"><span style=\"color: #000000;\"><strong>AMDG<\/strong><\/span><\/p>\n","protected":false},"excerpt":{"rendered":"<p>&nbsp;OG\u0141OSZENIA PARAFIALNE 2 Niedziela Adwentu &#8211; 07 grudzie\u0144 2025 r. &nbsp; &nbsp;1. Prze\u017cywamy ju\u017c 2 Niedziel\u0119 Adwentu, jako 1. Niedziel\u0119 miesi\u0105ca, czyli adoracyjna: Prymaria w int. 3. R\u00f3\u017cy MB NP: Dzi\u0119kczynna za ko\u0144cz\u0105cy si\u0119 Rok&nbsp; &nbsp;Jubileuszowy w naszej wsp\u00f3lnocie parafialnej oraz wszystkie jego owoce; zmiana tajemnic \u017bR; ofiary s\u0105 przeznaczone na cele inwestycyjne. W ostatnim&hellip; <br \/> <a class=\"read-more\" href=\"https:\/\/nspj.wroclaw.pl\/new\/2-niedziela-adwentu-07-grudzien-2025-r\/\">Dowiedz si\u0119 wi\u0119cej<\/a><\/p>\n","protected":false},"author":1,"featured_media":8941,"comment_status":"closed","ping_status":"closed","sticky":false,"template":"","format":"standard","meta":{"ngg_post_thumbnail":0,"footnotes":""},"categories":[17],"tags":[],"class_list":["post-10319","post","type-post","status-publish","format-standard","has-post-thumbnail","hentry","category-ogloszenia"],"aioseo_notices":[],"_links":{"self":[{"href":"https:\/\/nspj.wroclaw.pl\/new\/wp-json\/wp\/v2\/posts\/10319","targetHints":{"allow":["GET"]}}],"collection":[{"href":"https:\/\/nspj.wroclaw.pl\/new\/wp-json\/wp\/v2\/posts"}],"about":[{"href":"https:\/\/nspj.wroclaw.pl\/new\/wp-json\/wp\/v2\/types\/post"}],"author":[{"embeddable":true,"href":"https:\/\/nspj.wroclaw.pl\/new\/wp-json\/wp\/v2\/users\/1"}],"replies":[{"embeddable":true,"href":"https:\/\/nspj.wroclaw.pl\/new\/wp-json\/wp\/v2\/comments?post=10319"}],"version-history":[{"count":1,"href":"https:\/\/nspj.wroclaw.pl\/new\/wp-json\/wp\/v2\/posts\/10319\/revisions"}],"predecessor-version":[{"id":10320,"href":"https:\/\/nspj.wroclaw.pl\/new\/wp-json\/wp\/v2\/posts\/10319\/revisions\/10320"}],"wp:featuredmedia":[{"embeddable":true,"href":"https:\/\/nspj.wroclaw.pl\/new\/wp-json\/wp\/v2\/media\/8941"}],"wp:attachment":[{"href":"https:\/\/nspj.wroclaw.pl\/new\/wp-json\/wp\/v2\/media?parent=10319"}],"wp:term":[{"taxonomy":"category","embeddable":true,"href":"https:\/\/nspj.wroclaw.pl\/new\/wp-json\/wp\/v2\/categories?post=10319"},{"taxonomy":"post_tag","embeddable":true,"href":"https:\/\/nspj.wroclaw.pl\/new\/wp-json\/wp\/v2\/tags?post=10319"}],"curies":[{"name":"wp","href":"https:\/\/api.w.org\/{rel}","templated":true}]}}