{"id":10078,"date":"2025-11-01T20:43:20","date_gmt":"2025-11-01T19:43:20","guid":{"rendered":"https:\/\/nspj.wroclaw.pl\/new\/?p=10078"},"modified":"2025-11-01T20:43:20","modified_gmt":"2025-11-01T19:43:20","slug":"31-niedziela-zwykla-2-listopada-2025-r","status":"publish","type":"post","link":"https:\/\/nspj.wroclaw.pl\/new\/31-niedziela-zwykla-2-listopada-2025-r\/","title":{"rendered":"31 Niedziela Zwyk\u0142a &#8211; 2 listopada 2025 r."},"content":{"rendered":"<p style=\"text-align: center;\"><span style=\"color: #000000;\"><strong>OG\u0141OSZENIA PARAFIALNE <\/strong><\/span><\/p>\n<p style=\"text-align: center;\"><span style=\"color: #000000;\"><strong>31 Niedziela Zwyk\u0142a &#8211; 2 listopada 2025 r. <\/strong><\/span><\/p>\n<ol>\n<li><span style=\"color: #000000;\">Prze\u017cywamy <strong>31 niedziel\u0119 zwyk\u0142\u0105 i 1. Listopada<\/strong> \u2013 adoracyjn\u0105: to r\u00f3wnie\u017c Dzie\u0144 Zaduszny; w centrum naszej refleksji i modlitwy tajemnica \u015bmierci i pami\u0119\u0107 o Zmar\u0142ych! Prymaria w int. od II R\u00f3\u017cy \u017bR: za Zmar\u0142ych Ksi\u0119\u017cy z naszej Parafii \u2013 o rado\u015b\u0107 Nieba oraz o Bo\u017ce b\u0142og. za wstawiennictwem MB R\u00f3\u017ca\u0144cowej dla Ksi\u0119\u017cy aktualnie pos\u0142uguj\u0105cych w Parafii; zmiana tajemnic \u017bR, a ofiary b\u0119d\u0105 przeznaczone na cele inwestycyjne i ogrzewanie obiekt\u00f3w parafialnych\u2026<\/span><\/li>\n<li><span style=\"color: #000000;\"><strong>Wieczorem <\/strong>spotkanie modlitewne dla m\u0142odzie\u017cy, w intencji Zmar\u0142ych\u2026<\/span><\/li>\n<li><span style=\"color: #000000;\">Przypominamy, \u017ce <strong>odpust zupe\u0142ny <\/strong>mo\u017cna uzyska\u0107 jeden raz od po\u0142udnia 1.XI. do p\u00f3\u0142nocy 2.XI. Warunkiem jest: spowied\u017a i Komunia \u015aw., pobo\u017cne nawiedzenie ko\u015bcio\u0142a i modlitwa: Ojcze nasz, Wierz\u0119 w Boga, dowolna modlitwa w intencjach Papie\u017ca oraz wykluczenie przywi\u0105zania do jakiegokolwiek grzechu. Natomiast wierni, kt\u00f3rzy pobo\u017cnie nawiedz\u0105 cmentarz i przynajmniej w my\u015blach pomodl\u0105 si\u0119 w int. Zmar\u0142ych, zyskuj\u0105 odpust <strong>za Zmar\u0142ych w Czy\u015b\u0107cu cierpi\u0105cych<\/strong>: w dniach od 1-8.XI. \u2013 jest to odpust zupe\u0142ny, a w pozosta\u0142e dni \u2013 odpust cz\u0105stkowy.<\/span><\/li>\n<li><span style=\"color: #000000;\">W <strong>kalendarzu liturgicznym<\/strong>: <strong>we wtorek <\/strong>\u2013 czcimy \u015aw. Karola Boromeusza; <strong>w \u015brod\u0119<\/strong> \u2013 Nowenna po\u0142\u0105czona z modlitw\u0105 wypominkow\u0105<em>;<\/em> w <strong>I Czwartek<\/strong> \u2013 Msza \u015bw. ku czci J. Chr. Jedynego i Wiecznego Kap\u0142ana, a po niej adoracja eucharystyczna: zapraszamy wszystkich parafian po Mszy \u015awi\u0119tej od godz. 18.30 na Adoracj\u0119 w intencji trwaj\u0105cego w naszej Archidiecezji Synodu oraz na warsztatowe spotkanie biblijne <strong><em>\u201eW Betanii\u201d<\/em><\/strong> o g. 19.30, prowadzone przez P. El\u017cbiet\u0119 \u0141ozi\u0144sk\u0105 i P. Eliz\u0119 Wasilewsk\u0105 z udzia\u0142em Zespo\u0142u Synodalnego i Cz\u0142onk\u00f3w RP; <strong>w I Pi\u0105tek: <\/strong>przed po\u0142udniem <strong><em>odwiedziny Chorych<\/em><\/strong>; o g. 00 \u2013 Koronka do BM oraz adoracja NS do Mszy \u015bw. wieczornej, z okazj\u0105 do Spowiedzi I-pi\u0105tkowej od g. 17.00; w sobot\u0119 \u2013 g. 9.00 \u2013 Msza \u015bw. Msza \u015bw. wotywna ku czci NMP, wieczorna \u2013 z niedzieli\u2026 <strong>&nbsp;<\/strong>&nbsp;&nbsp;<\/span><\/li>\n<li><span style=\"color: #000000;\"><strong>Od poniedzia\u0142ku<\/strong> rozpoczn\u0105 si\u0119 \u201emodlitwy wypominkowe\u201d Za Zmar\u0142ych: na pocz\u0105tku ka\u017cdej Mszy \u015bw. \u2013 za wyj\u0105tkiem I pi\u0105tku i soboty; modlitwa ta b\u0119dzie kontynuowana po nast\u0119pnej niedzieli.<\/span><\/li>\n<li><span style=\"color: #000000;\"><strong>W niedziel\u0119 za tydzie\u0144<\/strong> \u2013 przypada uroczysto\u015b\u0107 rocznicy po\u015bwiecenia Bazyliki Latera\u0144skiej \u2013 ko\u015bcio\u0142a katedralnego Ojca \u015aw., jako Biskupa Rzymu. B\u0119dzie to r\u00f3wnie\u017c Dzie\u0144 solidarno\u015bci z Ko\u015bcio\u0142em prze\u015bladowanym\u2026<\/span><\/li>\n<li><span style=\"color: #000000;\"><strong>W dniach 20-22.11.2025<\/strong> w naszej parafii odb\u0119dzie si\u0119 Kurs &#8222;Nowe \u017bycie&#8221; dla doros\u0142ych prowadzony przez Szko\u0142\u0119 Ewangelizacji \u015bw. Piotra i Paw\u0142a. Kurs, maj\u0105cy na celu nawi\u0105zanie i pog\u0142\u0119bienie osobistej relacji z Bogiem, jest rodzajem rekolekcji prowadzonych metod\u0105 aktywnego uczestnictwa. Zapisy w zakrystii oraz przez stron\u0119 internetow\u0105 podan\u0105 na plakacie. Wi\u0119cej informacji na stronie naszej parafii oraz na stronie internetowej Wsp\u00f3lnoty.<\/span><\/li>\n<li><span style=\"color: #000000;\"><strong>W dniu 29.XI.2025<\/strong> Wsp\u00f3lnota &#8222;Dom na Skale&#8221; zaprasza na <strong>\u015bwi\u0119towanie Andrzejek<\/strong>. O godzinie 16.00 rozpoczniemy Eucharysti\u0105 w naszym ko\u015bciele, a po niej zapraszamy do auli na spotkanie towarzyskie z ta\u0144cem i zabawami (tak\u017ce dla dzieci). Szczeg\u00f3\u0142y i zapisy na pocz\u0105tku listopada.<\/span><\/li>\n<li><span style=\"color: #000000;\"><strong>Wsp\u00f3lnota Przymierze Mi\u0142osierdzia<\/strong> serdecznie zaprasza m\u0142odzie\u017c, zw\u0142aszcza przygotowuj\u0105cych si\u0119 do bierzmowania, na spotkania o charakterze rekolekcyjnym w sobot\u0119 i w niedziel\u0119: 8-9.11.b.r.<\/span><\/li>\n<li><span style=\"color: #000000;\"><strong>Polecamy<\/strong> biuletyn parafialny oraz Go\u015bcia Niedzielnego\u2026<\/span><\/li>\n<\/ol>\n<p style=\"text-align: center;\"><span style=\"color: #000000;\"><strong>&nbsp;<\/strong><\/span><\/p>\n<p style=\"text-align: center;\"><span style=\"color: #000000;\"><strong>AMDG<\/strong><\/span><\/p>\n","protected":false},"excerpt":{"rendered":"<p>OG\u0141OSZENIA PARAFIALNE 31 Niedziela Zwyk\u0142a &#8211; 2 listopada 2025 r. Prze\u017cywamy 31 niedziel\u0119 zwyk\u0142\u0105 i 1. Listopada \u2013 adoracyjn\u0105: to r\u00f3wnie\u017c Dzie\u0144 Zaduszny; w centrum naszej refleksji i modlitwy tajemnica \u015bmierci i pami\u0119\u0107 o Zmar\u0142ych! Prymaria w int. od II R\u00f3\u017cy \u017bR: za Zmar\u0142ych Ksi\u0119\u017cy z naszej Parafii \u2013 o rado\u015b\u0107 Nieba oraz o Bo\u017ce&hellip; <br \/> <a class=\"read-more\" href=\"https:\/\/nspj.wroclaw.pl\/new\/31-niedziela-zwykla-2-listopada-2025-r\/\">Dowiedz si\u0119 wi\u0119cej<\/a><\/p>\n","protected":false},"author":1,"featured_media":8949,"comment_status":"closed","ping_status":"closed","sticky":false,"template":"","format":"standard","meta":{"ngg_post_thumbnail":0,"footnotes":""},"categories":[17],"tags":[],"class_list":["post-10078","post","type-post","status-publish","format-standard","has-post-thumbnail","hentry","category-ogloszenia"],"aioseo_notices":[],"_links":{"self":[{"href":"https:\/\/nspj.wroclaw.pl\/new\/wp-json\/wp\/v2\/posts\/10078","targetHints":{"allow":["GET"]}}],"collection":[{"href":"https:\/\/nspj.wroclaw.pl\/new\/wp-json\/wp\/v2\/posts"}],"about":[{"href":"https:\/\/nspj.wroclaw.pl\/new\/wp-json\/wp\/v2\/types\/post"}],"author":[{"embeddable":true,"href":"https:\/\/nspj.wroclaw.pl\/new\/wp-json\/wp\/v2\/users\/1"}],"replies":[{"embeddable":true,"href":"https:\/\/nspj.wroclaw.pl\/new\/wp-json\/wp\/v2\/comments?post=10078"}],"version-history":[{"count":1,"href":"https:\/\/nspj.wroclaw.pl\/new\/wp-json\/wp\/v2\/posts\/10078\/revisions"}],"predecessor-version":[{"id":10079,"href":"https:\/\/nspj.wroclaw.pl\/new\/wp-json\/wp\/v2\/posts\/10078\/revisions\/10079"}],"wp:featuredmedia":[{"embeddable":true,"href":"https:\/\/nspj.wroclaw.pl\/new\/wp-json\/wp\/v2\/media\/8949"}],"wp:attachment":[{"href":"https:\/\/nspj.wroclaw.pl\/new\/wp-json\/wp\/v2\/media?parent=10078"}],"wp:term":[{"taxonomy":"category","embeddable":true,"href":"https:\/\/nspj.wroclaw.pl\/new\/wp-json\/wp\/v2\/categories?post=10078"},{"taxonomy":"post_tag","embeddable":true,"href":"https:\/\/nspj.wroclaw.pl\/new\/wp-json\/wp\/v2\/tags?post=10078"}],"curies":[{"name":"wp","href":"https:\/\/api.w.org\/{rel}","templated":true}]}}