{"id":10045,"date":"2026-01-13T21:13:30","date_gmt":"2026-01-13T20:13:30","guid":{"rendered":"https:\/\/nspj.wroclaw.pl\/new\/?p=10045"},"modified":"2026-01-17T21:22:42","modified_gmt":"2026-01-17T20:22:42","slug":"pielgrzymka-parafialna-francja-najstarsza-cora-kosciola-24-04-03-05-2026","status":"publish","type":"post","link":"https:\/\/nspj.wroclaw.pl\/new\/pielgrzymka-parafialna-francja-najstarsza-cora-kosciola-24-04-03-05-2026\/","title":{"rendered":"Pielgrzymka parafialna: FRANCJA \u2013 najstarsza c\u00f3ra Ko\u015bcio\u0142a 24.04 \u2013 03.05.2026"},"content":{"rendered":"<p><span style=\"color: #000000;\">Klub Pielgrzymkowo-Turystyczny przy parafii pw. NSPJ we Wroc\u0142awiu-Paw\u0142owicach zaprasza:&nbsp; <strong>Pielgrzymka: FRANCJA \u2013 najstarsza c\u00f3ra Ko\u015bcio\u0142a<\/strong> <\/span><\/p>\n<p><span style=\"color: #000000;\">Reims \u2013 Amiens lub Rouen \u2013 Etretat \u2013 Mont-Saint-Michelle \u2013 Rennes \u2013 Lourdes \u2013 Carcassone \u2013 Beziers \u2013 Awinion \u2013 Corps \u2013 La Salette \u2013 Ars \u2013 Taize \u2013 Paray-le-Monial \u2013 Nevers \u2013 Strasburg <\/span><\/p>\n<p><span style=\"color: #000000;\"><strong>TERMIN: 24.04 \u2013 03.05.2026,<\/strong><\/span><br \/>\n<span style=\"color: #000000;\"><strong> Cena: 5190 z\u0142\/os. + 200 Euro<\/strong> <\/span><\/p>\n<p><span style=\"color: #000000;\">Zapisy na pielgrzymk\u0119 w zakrystii.<\/span><\/p>\n<p><span style=\"color: #000000;\"><strong>Ramowy program:<\/strong> <\/span><br \/>\n<span style=\"color: #000000;\"><strong>Dzie\u0144 1<\/strong> (pi\u0105tek, 24.04.2026): wyjazd z Wroc\u0142awia o godz. 4.00. Przejazd przez Niemcy, Belgi\u0119 i Francj\u0119. W godzinach wieczornych\u2013 zakwaterowanie w hotelu w rejonie Reims. Nocleg. <\/span><br \/>\n<span style=\"color: #000000;\"><strong>Dzie\u0144 2<\/strong> (sobota, 25.04.2026): \u015bniadanie i wykwaterowanie. Zwiedzanie REIMS (lista UNESCO) &#8211; dawna katedra koronacyjna kr\u00f3l\u00f3w Francji. Zwiedzanie AMIENS (lista UNESCO) &#8211; najwi\u0119ksza katedra gotycka Francji. (lub *: przejazd do ROUEN \u2013 dawnej siedziby ksi\u0105\u017c\u0105t Normandii. Spacer po historycznym centrum <\/span><br \/>\n<span style=\"color: #000000;\">miasta, kt\u00f3remu uroku dodaj\u0105 liczne budowle z muru pruskiego: Place du Vieux-March\u00e9, ko\u015bci\u00f3\u0142 Sainte-Jeanne-d&#8217;Arc, katedra Notre-Dame, prezentuj\u0105ca wszystkie odmiany stylu gotyckiego, jeden z najwspanialszych zabytk\u00f3w Francji). Przystanek w ETRETAT \u2013 malownicze miasteczko przy s\u0142ynnych bia\u0142ych klifach Wybrze\u017ca Alabastrowego. Przejazd MOSTEM NORMANDIA (spektakularny most wantowy u uj\u015bcia Sekwany do Morza P\u00f3\u0142nocnego). Zakwaterowanie w hotelu. Obiadokolacja. Nocleg. <\/span><br \/>\n<span style=\"color: #000000;\"><strong>Dzie\u0144<\/strong> 3 (niedziela, 26.04.2026): \u015bniadanie i wykwaterowanie. Przejazd do MONT SAINT-MICHEL, kt\u00f3re po\u0142o\u017cone jest na skalistej sto\u017ckowatej wysepce, po\u0142\u0105czonej z l\u0105dem grobl\u0105. Wysp\u0119 otaczaj\u0105 mury obronne. Spacer po Grande Rue, Wielkimi Schodami do bram opactwa. Zwiedzanie klasztoru wpisanego na List\u0119 \u015awiatowego Dziedzictwa UNESCO. Powr\u00f3t do hotelu. Obiadokolacja. Nocleg. <\/span><br \/>\n<span style=\"color: #000000;\"><strong>Dzie\u0144 4<\/strong> (poniedzia\u0142ek, 27.04.2026): \u015bniadanie i wykwaterowanie. Przejazd do RENNES. Spacer po stolicy Bretanii: Place des Lices, w kt\u00f3rego okolicy koncentruj\u0105 si\u0119 domy o konstrukcji szkieletowej, katedra Saint-Pierre z poz\u0142acanym flamandzkim o\u0142tarzem, bazylika Saint-Sauveur, Palais du Parlement, pi\u0119kna Rue Saint-Georges, s\u0142yn\u0105ca z kamienic z muru pruskiego, ko\u015bci\u00f3\u0142 Saint-Melaine z przylegaj\u0105cym do niego ogrodem Thabor, zaliczanym do najpi\u0119kniejszych park\u00f3w publicznych Francji. Przejazd do Lourdes. Zakwaterowanie w hotelu \u2013 obiadokolacja, nocleg. <\/span><br \/>\n<span style=\"color: #000000;\"><strong>Dzie\u0144 5<\/strong> (wtorek, 28.04.2026): pobyt w LOURDES. Ca\u0142y dzie\u0144 w Sanktuarium Maryjnym w Lourdes, gdzie ponad 160 lat temu objawi\u0142a si\u0119 \u015aw. Bernadecie Naj\u015bwi\u0119tsza Maryja Panna: Droga Jubileuszowa, ko\u015bci\u00f3\u0142 \u015bw. Piotra, w kt\u00f3rym zosta\u0142a ochrzczona \u015aw. Bernadeta, cela wi\u0119zienna \u201eLe Cachot\u201d, w kt\u00f3rej mieszka\u0142a <\/span><br \/>\n<span style=\"color: #000000;\">wraz ze sw\u0105 ubog\u0105 rodzin\u0105 oraz M\u0142yn Boly, w kt\u00f3rym si\u0119 urodzi\u0142a. Ostatnim i najwa\u017cniejszym punktem \u201eDrogi\u201d jest Grota Massabielle, w kt\u00f3rej Maryja objawi\u0142a si\u0119 i gdzie znajduje si\u0119 cudowne \u017ar\u00f3d\u0142o. Wieczorem obiadokolacja. Nocleg.<\/span><br \/>\n<span style=\"color: #000000;\"><strong> Dzie\u0144 6<\/strong> (\u015broda, 29.04.2026): \u015bniadanie i wykwaterowanie. Przejazd do CARCASONNE &#8211; kr\u00f3tki spacer po \u015bredniowiecznym miasteczku. Miasto nale\u017cy do najlepiej zachowanych \u015bredniowiecznych o\u015brodk\u00f3w warownych we Francji. W 1997 roku zosta\u0142o wpisane na \u015awiatow\u0105 List\u0119 Dziedzictwa UNESCO. Podczas spaceru urokliwymi ulicami miasteczka zobaczymy okaza\u0142\u0105 fortec\u0119, podw\u00f3jne mury miejskie z basztami, zamek ksi\u0105\u017c\u0119cy oraz Bazylik\u0119 \u015aw. Nazariusza. Wizyta w BEZIERS &#8211; katedra. Obiadokolacja. Przejazd na zakwaterowanie i nocleg. <\/span><br \/>\n<span style=\"color: #000000;\"><strong>Dzie\u0144 7<\/strong> (czwartek, 30.04.2026): \u015bniadanie i wykwaterowanie. Przejazd do AWINIONu. Przejazd do CORPS, miejsca narodzin i zamieszkania Maksymina i Melanii, \u015bwiadk\u00f3w Objawienia w La Salette. Modlitwa przy grobie Maksymina. Przejazd do La Salette, zakwaterowanie w Domu Pielgrzyma. Obiadokolacja. Nocleg. <\/span><br \/>\n<span style=\"color: #000000;\"><strong>Dzie\u0144 8<\/strong> (pi\u0105tek, 1.05.2026): \u015bniadanie i wykwaterowanie. Msza \u015aw. w LA SALETTE. Przejazd do ARS. Nawiedzenie bazyliki \u015bw. Jana Marii Vianney \u2013 znamienitego duszpasterza, patrona kap\u0142an\u00f3w. Przejazd do TAIZ\u00c9, burgundzkiej wioski, siedziby ekumenicznej wsp\u00f3lnoty za\u0142o\u017conej przez brata Roger. Udzia\u0142 w <\/span><br \/>\n<span style=\"color: #000000;\">modlitwie, spotkanie z polskim Bratem ze Wsp\u00f3lnoty, zwiedzanie. Przejazd od hotelu. Obiadokolacja. Nocleg. <\/span><br \/>\n<span style=\"color: #000000;\"><strong>Dzie\u0144 9<\/strong> (sobota, 2.05.2026): \u015bniadanie i wykwaterowanie. PARAY-LE-MONIAL\u2013 zwiedzanie Bazyliki Sacre Coeur, Kaplicy Objawie\u0144 \u2013 gdzie Pan Jezus ukazywa\u0142 si\u0119 wizytce \u015bw. Ma\u0142gorzacie Alacoque w XVII w., st\u0105d wywodzi si\u0119 kult i \u015awi\u0119to Naj\u015bwi\u0119tszego Serca Pana Jezusa, Kaplicy \u015bw. Claude la Colombiere \u2013 jezuity, <\/span><br \/>\n<span style=\"color: #000000;\">kierownika duchowego wizjonerki. Przejazd do NEVERS, wa\u017cnego we Francji o\u015brodka pielgrzymkowego skoncentrowanego wok\u00f3\u0142 relikwii \u015bw. Bernadety Soubirous, wizjonerki z Lourdes. Msza \u015bwi\u0119ta i zwiedzanie. Przejazd na nocleg. Obiadokolacja. <\/span><br \/>\n<span style=\"color: #000000;\"><strong>Dzie\u0144 10<\/strong> (niedziela, 3.05.2026): \u015bniadanie i wykwaterowanie. Zwiedzanie STRASBURGa: Starego Miasta: Plac Gutenberga; Katedra Notre Dame z trzema bogato ozdobionymi portalami i s\u0142ynnym witra\u017cem rozety; malownicza dzielnica Petite France, Maison Kammerzell &#8211; pokryty wyj\u0105tkowo kunsztown\u0105 dekoracj\u0105 rze\u017abiarsk\u0105. Wyjazd do Polski. Przyjazd do Wroc\u0142awia w godzinach nocnych. <\/span><\/p>\n<p><span style=\"color: #000000;\"><br \/>\n<img loading=\"lazy\" decoding=\"async\" class=\"alignnone wp-image-10052\" src=\"https:\/\/nspj.wroclaw.pl\/new\/wp-content\/uploads\/2025\/10\/francja-pielgrzymka-2026-mapka-1024x569.jpg\" alt=\"\" width=\"900\" height=\"500\" srcset=\"https:\/\/nspj.wroclaw.pl\/new\/wp-content\/uploads\/2025\/10\/francja-pielgrzymka-2026-mapka-1024x569.jpg 1024w, https:\/\/nspj.wroclaw.pl\/new\/wp-content\/uploads\/2025\/10\/francja-pielgrzymka-2026-mapka-300x167.jpg 300w, https:\/\/nspj.wroclaw.pl\/new\/wp-content\/uploads\/2025\/10\/francja-pielgrzymka-2026-mapka-768x427.jpg 768w, https:\/\/nspj.wroclaw.pl\/new\/wp-content\/uploads\/2025\/10\/francja-pielgrzymka-2026-mapka-600x333.jpg 600w, https:\/\/nspj.wroclaw.pl\/new\/wp-content\/uploads\/2025\/10\/francja-pielgrzymka-2026-mapka-280x156.jpg 280w, https:\/\/nspj.wroclaw.pl\/new\/wp-content\/uploads\/2025\/10\/francja-pielgrzymka-2026-mapka.jpg 1064w\" sizes=\"auto, (max-width: 900px) 100vw, 900px\" \/><br \/>\n<\/span><\/p>\n<p><span style=\"color: #000000;\"><strong>UWAGI:<\/strong> <\/span><br \/>\n<span style=\"color: #000000;\">Program zwiedzania jest ramowy i mo\u017ce ulec zmianie. Kolejno\u015b\u0107 zwiedzania mo\u017ce ulec zmianie. Pilot nie <\/span><span style=\"color: #000000;\">oprowadza po wn\u0119trzach zwiedzanych obiekt\u00f3w. <\/span><br \/>\n<span style=\"color: #000000;\">Op\u0142ata dodatkowa za bilety wst\u0119pu, zestawy s\u0142uchawkowe (audioguidy) i miejscowych przewodnik\u00f3w zbierana <\/span><span style=\"color: #000000;\">jest przez pilota przed rozpocz\u0119ciem programu zwiedzania.<br \/>\nProsimy o przygotowanie kwoty 200 Euro\/os. <\/span><br \/>\n<span style=\"color: #000000;\">Napoje do obiadokolacji p\u0142atne dodatkowo.<\/span><\/p>\n<p><span style=\"color: #000000;\"><strong>\u015aWIADCZENIA:<\/strong> <\/span><br \/>\n<span style=\"color: #000000;\">Zakwaterowanie: 9 nocleg\u00f3w. <\/span><br \/>\n<span style=\"color: #000000;\">we Francji g\u0142\u00f3wnie hotele typu Ibis, B&amp;B, Campanille; pok. 2-,3- osobowe z \u0142azienkami, Dom Pielgrzyma \u2013 pokoje 2,3-,4-osobowe. <\/span><br \/>\n<span style=\"color: #000000;\">Wy\u017cywienie: 9 \u015bniada\u0144 (kontynentalne) i 8 obiadokolacji (serwowane, bez napoi) <\/span><br \/>\n<span style=\"color: #000000;\">Przejazd autokarem (dvd, wc, klimatyzacja) <\/span><br \/>\n<span style=\"color: #000000;\">Opieka pilota <\/span><br \/>\n<span style=\"color: #000000;\">Opieka duszpasterska <\/span><br \/>\n<span style=\"color: #000000;\">Ubezpieczenie NW (do 15000 z\u0142) i KL (do 30000 Euro) <\/span><br \/>\n<span style=\"color: #000000;\">Fundusze TFG i TFP <\/span><\/p>\n<p><strong><span style=\"color: #000080;\">Pliki do pobrania:<\/span><br \/>\n<\/strong><a href=\"https:\/\/nspj.wroclaw.pl\/new\/wp-content\/uploads\/2025\/10\/Umowa-zgloszenie-Pielgrzymka-Francja-24.04-03.05.26.pdf\" target=\"_blank\" rel=\"noopener\">Umowa zg\u0142oszenie Pielgrzymka Francja 24.04-03.05.26<\/a><br \/>\n<a href=\"https:\/\/nspj.wroclaw.pl\/new\/wp-content\/uploads\/2025\/10\/Francja-Pielgrzymka-2026-prezentacja-v2.pdf\" target=\"_blank\" rel=\"noopener\">Francja Pielgrzymka 2026 &#8211; prezentacja<\/a><\/p>\n","protected":false},"excerpt":{"rendered":"<p>Klub Pielgrzymkowo-Turystyczny przy parafii pw. NSPJ we Wroc\u0142awiu-Paw\u0142owicach zaprasza:&nbsp; Pielgrzymka: FRANCJA \u2013 najstarsza c\u00f3ra Ko\u015bcio\u0142a Reims \u2013 Amiens lub Rouen \u2013 Etretat \u2013 Mont-Saint-Michelle \u2013 Rennes \u2013 Lourdes \u2013 Carcassone \u2013 Beziers \u2013 Awinion \u2013 Corps \u2013 La Salette \u2013 Ars \u2013 Taize \u2013 Paray-le-Monial \u2013 Nevers \u2013 Strasburg TERMIN: 24.04 \u2013 03.05.2026, Cena: 5190&hellip; <br \/> <a class=\"read-more\" href=\"https:\/\/nspj.wroclaw.pl\/new\/pielgrzymka-parafialna-francja-najstarsza-cora-kosciola-24-04-03-05-2026\/\">Dowiedz si\u0119 wi\u0119cej<\/a><\/p>\n","protected":false},"author":1,"featured_media":10048,"comment_status":"closed","ping_status":"closed","sticky":false,"template":"","format":"standard","meta":{"ngg_post_thumbnail":0,"footnotes":""},"categories":[1],"tags":[890,887,889,888],"class_list":["post-10045","post","type-post","status-publish","format-standard","has-post-thumbnail","hentry","category-aktualnosci","tag-pielgrzymka-do-francji-2026","tag-pielgrzymka-francja","tag-pielgrzymka-lourdes","tag-pielgrzymka-wroclaw-francja"],"aioseo_notices":[],"_links":{"self":[{"href":"https:\/\/nspj.wroclaw.pl\/new\/wp-json\/wp\/v2\/posts\/10045","targetHints":{"allow":["GET"]}}],"collection":[{"href":"https:\/\/nspj.wroclaw.pl\/new\/wp-json\/wp\/v2\/posts"}],"about":[{"href":"https:\/\/nspj.wroclaw.pl\/new\/wp-json\/wp\/v2\/types\/post"}],"author":[{"embeddable":true,"href":"https:\/\/nspj.wroclaw.pl\/new\/wp-json\/wp\/v2\/users\/1"}],"replies":[{"embeddable":true,"href":"https:\/\/nspj.wroclaw.pl\/new\/wp-json\/wp\/v2\/comments?post=10045"}],"version-history":[{"count":8,"href":"https:\/\/nspj.wroclaw.pl\/new\/wp-json\/wp\/v2\/posts\/10045\/revisions"}],"predecessor-version":[{"id":10071,"href":"https:\/\/nspj.wroclaw.pl\/new\/wp-json\/wp\/v2\/posts\/10045\/revisions\/10071"}],"wp:featuredmedia":[{"embeddable":true,"href":"https:\/\/nspj.wroclaw.pl\/new\/wp-json\/wp\/v2\/media\/10048"}],"wp:attachment":[{"href":"https:\/\/nspj.wroclaw.pl\/new\/wp-json\/wp\/v2\/media?parent=10045"}],"wp:term":[{"taxonomy":"category","embeddable":true,"href":"https:\/\/nspj.wroclaw.pl\/new\/wp-json\/wp\/v2\/categories?post=10045"},{"taxonomy":"post_tag","embeddable":true,"href":"https:\/\/nspj.wroclaw.pl\/new\/wp-json\/wp\/v2\/tags?post=10045"}],"curies":[{"name":"wp","href":"https:\/\/api.w.org\/{rel}","templated":true}]}}