{"id":10024,"date":"2025-10-26T18:10:03","date_gmt":"2025-10-26T17:10:03","guid":{"rendered":"https:\/\/nspj.wroclaw.pl\/new\/?p=10024"},"modified":"2025-10-26T22:36:35","modified_gmt":"2025-10-26T21:36:35","slug":"bal-wszystkich-swietych-31-10-2025","status":"publish","type":"post","link":"https:\/\/nspj.wroclaw.pl\/new\/bal-wszystkich-swietych-31-10-2025\/","title":{"rendered":"Bal Wszystkich \u015awi\u0119tych 31.10.2025"},"content":{"rendered":"<p><span style=\"color: #000000;\">Grupa Artystyczna KORDA zaprasza na Bal Wszystkich \u015awi\u0119tych, kt\u00f3ry odb\u0119dzie si\u0119 w dniu 31.10.2025 w godz. 17.00 &#8211; 19:00 w Auli domu Parafialnego. Udzia\u0142 w balu jest bezp\u0142atny, prosimy tylko o przyniesienie przek\u0105sek na wsp\u00f3lny st\u00f3\u0142. W programie wiele atrakcji. Zapraszamy ca\u0142e rodziny, zach\u0119camy do przebrania si\u0119 za postacie \u015awi\u0119tych.<\/span><\/p>\n<p><span style=\"color: #000000;\"><strong>Bal rozpocznie si\u0119 o godz. 17:00 w ko\u015bciele od kr\u00f3tkiej adoracji, a nast\u0119pnie przejdziemy pochodem do Auli \u015aw. Jana Paw\u0142a II<\/strong><\/span><\/p>\n","protected":false},"excerpt":{"rendered":"<p>Grupa Artystyczna KORDA zaprasza na Bal Wszystkich \u015awi\u0119tych, kt\u00f3ry odb\u0119dzie si\u0119 w dniu 31.10.2025 w godz. 17.00 &#8211; 19:00 w Auli domu Parafialnego. Udzia\u0142 w balu jest bezp\u0142atny, prosimy tylko o przyniesienie przek\u0105sek na wsp\u00f3lny st\u00f3\u0142. W programie wiele atrakcji. Zapraszamy ca\u0142e rodziny, zach\u0119camy do przebrania si\u0119 za postacie \u015awi\u0119tych. Bal rozpocznie si\u0119 o godz.&hellip; <br \/> <a class=\"read-more\" href=\"https:\/\/nspj.wroclaw.pl\/new\/bal-wszystkich-swietych-31-10-2025\/\">Dowiedz si\u0119 wi\u0119cej<\/a><\/p>\n","protected":false},"author":1,"featured_media":10034,"comment_status":"closed","ping_status":"closed","sticky":false,"template":"","format":"standard","meta":{"ngg_post_thumbnail":0,"footnotes":""},"categories":[1],"tags":[886],"class_list":["post-10024","post","type-post","status-publish","format-standard","has-post-thumbnail","hentry","category-aktualnosci","tag-bal-wszystkich-swietych"],"aioseo_notices":[],"_links":{"self":[{"href":"https:\/\/nspj.wroclaw.pl\/new\/wp-json\/wp\/v2\/posts\/10024","targetHints":{"allow":["GET"]}}],"collection":[{"href":"https:\/\/nspj.wroclaw.pl\/new\/wp-json\/wp\/v2\/posts"}],"about":[{"href":"https:\/\/nspj.wroclaw.pl\/new\/wp-json\/wp\/v2\/types\/post"}],"author":[{"embeddable":true,"href":"https:\/\/nspj.wroclaw.pl\/new\/wp-json\/wp\/v2\/users\/1"}],"replies":[{"embeddable":true,"href":"https:\/\/nspj.wroclaw.pl\/new\/wp-json\/wp\/v2\/comments?post=10024"}],"version-history":[{"count":4,"href":"https:\/\/nspj.wroclaw.pl\/new\/wp-json\/wp\/v2\/posts\/10024\/revisions"}],"predecessor-version":[{"id":10065,"href":"https:\/\/nspj.wroclaw.pl\/new\/wp-json\/wp\/v2\/posts\/10024\/revisions\/10065"}],"wp:featuredmedia":[{"embeddable":true,"href":"https:\/\/nspj.wroclaw.pl\/new\/wp-json\/wp\/v2\/media\/10034"}],"wp:attachment":[{"href":"https:\/\/nspj.wroclaw.pl\/new\/wp-json\/wp\/v2\/media?parent=10024"}],"wp:term":[{"taxonomy":"category","embeddable":true,"href":"https:\/\/nspj.wroclaw.pl\/new\/wp-json\/wp\/v2\/categories?post=10024"},{"taxonomy":"post_tag","embeddable":true,"href":"https:\/\/nspj.wroclaw.pl\/new\/wp-json\/wp\/v2\/tags?post=10024"}],"curies":[{"name":"wp","href":"https:\/\/api.w.org\/{rel}","templated":true}]}}