{"id":10019,"date":"2025-11-11T19:08:28","date_gmt":"2025-11-11T18:08:28","guid":{"rendered":"https:\/\/nspj.wroclaw.pl\/new\/?p=10019"},"modified":"2025-11-14T21:12:44","modified_gmt":"2025-11-14T20:12:44","slug":"kurs-nowe-zycie-20-22-listopad","status":"publish","type":"post","link":"https:\/\/nspj.wroclaw.pl\/new\/kurs-nowe-zycie-20-22-listopad\/","title":{"rendered":"Kurs Nowe \u017bycie 20-22 listopada"},"content":{"rendered":"<p><span style=\"color: #000000;\">Przed rozpocz\u0119ciem Adwentu w naszej parafii odb\u0119dzie si\u0119 Kurs &#8222;Nowe <\/span><span style=\"color: #000000;\">\u017bycie&#8221; &#8211; czyli rekolekcje dla doros\u0142ych prowadzone metod\u0105 aktywnego <\/span><span style=\"color: #000000;\">uczestnictwa. Rekolekcje prowadzi Szko\u0142a Ewangelizacji \u015b\u015b. Piotra i <\/span><span style=\"color: #000000;\">Paw\u0142a (Wsp\u00f3lnota &#8222;Dom na Skale&#8221;).<br \/>\n<\/span><br \/>\n<strong><span style=\"color: #000000;\">Plan ramowy Kursu<\/span><\/strong><br \/>\n<span style=\"color: #000000;\">20.11.2025 (czwartek) godz. 18.00 &#8211; 21.00<\/span><br \/>\n<span style=\"color: #000000;\">21.11.2025 (pi\u0105tek) godz. 18.00 &#8211; 21.00<\/span><br \/>\n<span style=\"color: #000000;\">22.11.2025 (sobota) godz. 9.00 &#8211; 20.30<\/span><\/p>\n<p><span style=\"color: #000000;\">W sobot\u0119 przewidziana jest Msza \u015awi\u0119ta w ci\u0105gu dnia. Zapewniamy tak\u017ce <\/span><span style=\"color: #000000;\">posi\u0142ki i napoje w przerwach pomi\u0119dzy blokami tematycznymi.<\/span><br \/>\n<span style=\"color: #000000;\">Koszt udzia\u0142u: 100 z\u0142.<\/span><\/p>\n<p><span style=\"color: #000000;\">Na Kurs mo\u017cna si\u0119 zapisa\u0107 zar\u00f3wno w zakrystii naszego ko\u015bcio\u0142a, jak i <\/span><span style=\"color: #000000;\">przez stron\u0119 internetow\u0105 Wsp\u00f3lnoty.<\/span><\/p>\n<p><strong><span style=\"color: #000000;\">Informacje o Kursie i zapisy internetowe:<\/span><\/strong><br \/>\n<span style=\"color: #000000;\"><a style=\"color: #000000;\" href=\"https:\/\/domnaskale.pl\/nowe-zycie\/\" target=\"_blank\" rel=\"noopener noreferrer\" data-saferedirecturl=\"https:\/\/www.google.com\/url?q=https:\/\/domnaskale.pl\/nowe-zycie\/&amp;source=gmail&amp;ust=1762423650241000&amp;usg=AOvVaw2ut_lEJ1rMc0x2lsau_n3T\"><span style=\"color: #3366ff;\">https:\/\/domnaskale.pl\/nowe-zyc<wbr>ie\/<\/span><\/a><\/span><\/p>\n<p><strong><span style=\"color: #000000;\">Wi\u0119cej informacji o Szko\u0142ach Ewangelizacji SESA w Polsce mo\u017cna znale\u017a\u0107 <\/span><span style=\"color: #000000;\">na stronie:<\/span><\/strong><br \/>\n<span style=\"color: #3366ff;\"><a style=\"color: #3366ff;\" href=\"https:\/\/www.nowaewangelizacja.eu\/witamy-na-stronie-sesa-polska\" target=\"_blank\" rel=\"noopener noreferrer\" data-saferedirecturl=\"https:\/\/www.google.com\/url?q=https:\/\/www.nowaewangelizacja.eu\/witamy-na-stronie-sesa-polska&amp;source=gmail&amp;ust=1762423650241000&amp;usg=AOvVaw2oKHiGn1Pu6aBGExhNgerv\">https:\/\/www.nowaewangelizacja.<wbr>eu\/witamy-na-stronie-sesa-pols<wbr>ka<\/a><\/span><\/p>\n<div class=\"yj6qo\">&nbsp;<\/div>\n<div class=\"adL\">&nbsp;<\/div>\n","protected":false},"excerpt":{"rendered":"<p>Przed rozpocz\u0119ciem Adwentu w naszej parafii odb\u0119dzie si\u0119 Kurs &#8222;Nowe \u017bycie&#8221; &#8211; czyli rekolekcje dla doros\u0142ych prowadzone metod\u0105 aktywnego uczestnictwa. Rekolekcje prowadzi Szko\u0142a Ewangelizacji \u015b\u015b. Piotra i Paw\u0142a (Wsp\u00f3lnota &#8222;Dom na Skale&#8221;). Plan ramowy Kursu 20.11.2025 (czwartek) godz. 18.00 &#8211; 21.00 21.11.2025 (pi\u0105tek) godz. 18.00 &#8211; 21.00 22.11.2025 (sobota) godz. 9.00 &#8211; 20.30 W sobot\u0119&hellip; <br \/> <a class=\"read-more\" href=\"https:\/\/nspj.wroclaw.pl\/new\/kurs-nowe-zycie-20-22-listopad\/\">Dowiedz si\u0119 wi\u0119cej<\/a><\/p>\n","protected":false},"author":1,"featured_media":10020,"comment_status":"closed","ping_status":"closed","sticky":false,"template":"","format":"standard","meta":{"ngg_post_thumbnail":0,"footnotes":""},"categories":[1],"tags":[],"class_list":["post-10019","post","type-post","status-publish","format-standard","has-post-thumbnail","hentry","category-aktualnosci"],"aioseo_notices":[],"_links":{"self":[{"href":"https:\/\/nspj.wroclaw.pl\/new\/wp-json\/wp\/v2\/posts\/10019","targetHints":{"allow":["GET"]}}],"collection":[{"href":"https:\/\/nspj.wroclaw.pl\/new\/wp-json\/wp\/v2\/posts"}],"about":[{"href":"https:\/\/nspj.wroclaw.pl\/new\/wp-json\/wp\/v2\/types\/post"}],"author":[{"embeddable":true,"href":"https:\/\/nspj.wroclaw.pl\/new\/wp-json\/wp\/v2\/users\/1"}],"replies":[{"embeddable":true,"href":"https:\/\/nspj.wroclaw.pl\/new\/wp-json\/wp\/v2\/comments?post=10019"}],"version-history":[{"count":4,"href":"https:\/\/nspj.wroclaw.pl\/new\/wp-json\/wp\/v2\/posts\/10019\/revisions"}],"predecessor-version":[{"id":10144,"href":"https:\/\/nspj.wroclaw.pl\/new\/wp-json\/wp\/v2\/posts\/10019\/revisions\/10144"}],"wp:featuredmedia":[{"embeddable":true,"href":"https:\/\/nspj.wroclaw.pl\/new\/wp-json\/wp\/v2\/media\/10020"}],"wp:attachment":[{"href":"https:\/\/nspj.wroclaw.pl\/new\/wp-json\/wp\/v2\/media?parent=10019"}],"wp:term":[{"taxonomy":"category","embeddable":true,"href":"https:\/\/nspj.wroclaw.pl\/new\/wp-json\/wp\/v2\/categories?post=10019"},{"taxonomy":"post_tag","embeddable":true,"href":"https:\/\/nspj.wroclaw.pl\/new\/wp-json\/wp\/v2\/tags?post=10019"}],"curies":[{"name":"wp","href":"https:\/\/api.w.org\/{rel}","templated":true}]}}